{"id":2085,"date":"2025-08-05T12:52:20","date_gmt":"2025-08-05T10:52:20","guid":{"rendered":"https:\/\/pressexpress.sk\/?p=2085"},"modified":"2025-08-05T12:52:22","modified_gmt":"2025-08-05T10:52:22","slug":"ekologia-v-byvani-ako-byvat-udrzatelne-a-setrit-pritom-peniaze-aj-prirodu","status":"publish","type":"post","link":"https:\/\/pressexpress.sk\/?p=2085","title":{"rendered":"Ekol\u00f3gia v b\u00fdvan\u00ed: Ako b\u00fdva\u0165 udr\u017eate\u013ene a \u0161etri\u0165 pritom peniaze aj pr\u00edrodu"},"content":{"rendered":"\n<p>V s\u00fa\u010dasnosti je \u010doraz d\u00f4le\u017eitej\u0161ie myslie\u0165 pri b\u00fdvan\u00ed nielen na pohodlie, ale aj na&nbsp;<strong>vplyv na \u017eivotn\u00e9 prostredie<\/strong>. Dobrou spr\u00e1vou je, \u017ee ekologick\u00e9 rie\u0161enia v dom\u00e1cnosti nemusia by\u0165 drah\u00e9 ani zlo\u017eit\u00e9. Pr\u00e1ve naopak \u2013 \u010dasto&nbsp;<strong>\u0161etri\u0161 peniaze, zni\u017euje\u0161 spotrebu a z\u00e1rove\u0148 rob\u00ed\u0161 nie\u010do dobr\u00e9 pre plan\u00e9tu<\/strong>.<\/p>\n\n\n\n<hr class=\"wp-block-separator has-alpha-channel-opacity\"\/>\n\n\n\n<h3 class=\"wp-block-heading\">\u267b\ufe0f&nbsp;<strong>\u010co znamen\u00e1 ekologick\u00e9 b\u00fdvanie?<\/strong><\/h3>\n\n\n\n<p>Je to sp\u00f4sob b\u00fdvania, ktor\u00fd:<\/p>\n\n\n\n<ul class=\"wp-block-list\">\n<li><strong>minimalizuje odpad<\/strong>, spotrebu energie a vody,<\/li>\n\n\n\n<li>vyu\u017e\u00edva\u00a0<strong>pr\u00edrodn\u00e9 alebo recyklovan\u00e9 materi\u00e1ly<\/strong>,<\/li>\n\n\n\n<li>kladie d\u00f4raz na\u00a0<strong>zdrav\u00e9 vn\u00fatorn\u00e9 prostredie<\/strong>\u00a0(vzduch, svetlo, vlhkos\u0165),<\/li>\n\n\n\n<li>a podporuje\u00a0<strong>dlhodob\u00fa udr\u017eate\u013enos\u0165<\/strong>.<\/li>\n<\/ul>\n\n\n\n<p>Nejde o to by\u0165 dokonal\u00fd, ale robi\u0165 mal\u00e9, zmyslupln\u00e9 kroky.<\/p>\n\n\n\n<hr class=\"wp-block-separator has-alpha-channel-opacity\"\/>\n\n\n\n<h3 class=\"wp-block-heading\">\ud83c\udfe1&nbsp;<strong>1. Ekologick\u00e1 stavba alebo rekon\u0161trukcia<\/strong><\/h3>\n\n\n\n<p>Ak stavia\u0161 alebo prer\u00e1ba\u0161, m\u00f4\u017ee\u0161 sa rozhodn\u00fa\u0165 pre:<\/p>\n\n\n\n<ul class=\"wp-block-list\">\n<li><strong>Pr\u00edrodn\u00e9 materi\u00e1ly<\/strong>\u00a0\u2013 drevo, hlina, kame\u0148, slama<\/li>\n\n\n\n<li><strong>Zateplenie z obnovite\u013en\u00fdch zdrojov<\/strong>\u00a0\u2013 ako ov\u010dia vlna alebo konope<\/li>\n\n\n\n<li><strong>Energeticky \u00fasporn\u00e9 rie\u0161enia<\/strong>\u00a0\u2013 trojskl\u00e1, pas\u00edvne vykurovanie, orient\u00e1cia domu pod\u013ea slnka<\/li>\n\n\n\n<li><strong>Rekuper\u00e1ciu<\/strong>\u00a0\u2013 v\u00fdmena vzduchu s minim\u00e1lnou stratou tepla<\/li>\n<\/ul>\n\n\n\n<hr class=\"wp-block-separator has-alpha-channel-opacity\"\/>\n\n\n\n<h3 class=\"wp-block-heading\">\ud83d\udca1&nbsp;<strong>2. \u0160etrenie energi\u00ed v dom\u00e1cnosti<\/strong><\/h3>\n\n\n\n<p>Udr\u017eate\u013en\u00e9 b\u00fdvanie nie je len o stavbe \u2013 aj mal\u00fdmi \u00fapravami m\u00f4\u017ee\u0161 urobi\u0165 ve\u013ek\u00fd rozdiel:<\/p>\n\n\n\n<ul class=\"wp-block-list\">\n<li>Vymeni\u0165 klasick\u00e9 \u017eiarovky za\u00a0<strong>LED<\/strong><\/li>\n\n\n\n<li>Vyp\u00edna\u0165 spotrebi\u010de namiesto \u201estand-by re\u017eimu\u201c<\/li>\n\n\n\n<li>Nastavi\u0165\u00a0<strong>termostat<\/strong>\u00a0rozumne \u2013 ka\u017ed\u00fd stupe\u0148 navy\u0161e = vy\u0161\u0161ia spotreba<\/li>\n\n\n\n<li>Pravidelne\u00a0<strong>odmrazova\u0165 chladni\u010dku a mrazni\u010dku<\/strong><\/li>\n\n\n\n<li>Vyu\u017e\u00edva\u0165\u00a0<strong>\u010dasova\u010de a smart z\u00e1suvky<\/strong><\/li>\n<\/ul>\n\n\n\n<hr class=\"wp-block-separator has-alpha-channel-opacity\"\/>\n\n\n\n<h3 class=\"wp-block-heading\">\ud83d\udebf&nbsp;<strong>3. \u00daspora vody<\/strong><\/h3>\n\n\n\n<p>Vodu berieme ako samozrejmos\u0165, no je to vz\u00e1cny zdroj:<\/p>\n\n\n\n<ul class=\"wp-block-list\">\n<li>Nain\u0161taluj\u00a0<strong>perl\u00e1tory<\/strong>\u00a0na bat\u00e9rie \u2013 zni\u017euj\u00fa prietok bez zn\u00ed\u017eenia komfortu<\/li>\n\n\n\n<li>Pou\u017e\u00edvaj\u00a0<strong>\u00fasporn\u00e9 sprchov\u00e9 hlavice<\/strong><\/li>\n\n\n\n<li>Zberaj\u00a0<strong>da\u017e\u010fov\u00fa vodu<\/strong>\u00a0na polievanie z\u00e1hrady alebo splachovanie<\/li>\n\n\n\n<li>Nep\u00fa\u0161\u0165aj vodu zbyto\u010dne \u2013 napr. pri \u010disten\u00ed zubov alebo um\u00fdvan\u00ed riadu<\/li>\n<\/ul>\n\n\n\n<hr class=\"wp-block-separator has-alpha-channel-opacity\"\/>\n\n\n\n<h3 class=\"wp-block-heading\">\ud83e\uddfc&nbsp;<strong>4. Pr\u00edrodn\u00e9 \u010distiace prostriedky<\/strong><\/h3>\n\n\n\n<p>Ekologick\u00e9 \u010distenie \u0161etr\u00ed nielen pr\u00edrodu, ale aj tvoje zdravie:<\/p>\n\n\n\n<ul class=\"wp-block-list\">\n<li>Ocot, s\u00f3da bikarb\u00f3na, citr\u00f3n \u2013 posta\u010dia na v\u00e4\u010d\u0161inu be\u017en\u00e9ho upratovania<\/li>\n\n\n\n<li>Ekologick\u00e9 prostriedky zo\u00a0<strong>zna\u010diek s eko certifik\u00e1tmi<\/strong><\/li>\n\n\n\n<li>Menej plastov\u00fdch obalov \u2013 uprednostni\u00a0<strong>n\u00e1plne<\/strong>\u00a0alebo\u00a0<strong>bezobalov\u00e9<\/strong>\u00a0verzie<\/li>\n<\/ul>\n\n\n\n<hr class=\"wp-block-separator has-alpha-channel-opacity\"\/>\n\n\n\n<h3 class=\"wp-block-heading\">\ud83e\udeb4&nbsp;<strong>5. Zele\u0148 v byte a na z\u00e1hrade<\/strong><\/h3>\n\n\n\n<p>Rastliny nielen skr\u00e1\u0161\u013euj\u00fa, ale aj&nbsp;<strong>\u010distia vzduch<\/strong>&nbsp;a zlep\u0161uj\u00fa mikrokl\u00edmu:<\/p>\n\n\n\n<ul class=\"wp-block-list\">\n<li>V interi\u00e9ri: napr. lopatkovec, svokrin jazyk, zelenec<\/li>\n\n\n\n<li>Na balk\u00f3ne alebo v z\u00e1hrade m\u00f4\u017ee\u0161 pestova\u0165\u00a0<strong>vlastn\u00e9 bylinky alebo zeleninu<\/strong><\/li>\n\n\n\n<li>Stromy a kr\u00edky v z\u00e1hrade pom\u00e1haj\u00fa zadr\u017eiava\u0165 vlhkos\u0165 a ochladzuj\u00fa okolie<\/li>\n<\/ul>\n\n\n\n<hr class=\"wp-block-separator has-alpha-channel-opacity\"\/>\n\n\n\n<h3 class=\"wp-block-heading\">\ud83d\uddd1\ufe0f&nbsp;<strong>6. Menej odpadu = lep\u0161\u00ed domov<\/strong><\/h3>\n\n\n\n<p>Minimaliz\u00e1cia odpadu za\u010d\u00edna doma:<\/p>\n\n\n\n<ul class=\"wp-block-list\">\n<li>Triedi\u0165 odpad je z\u00e1klad, ale sk\u00fas aj\u00a0<strong>predch\u00e1dza\u0165 jeho vzniku<\/strong><\/li>\n\n\n\n<li>Nakupuj\u00a0<strong>v bezobalov\u00fdch obchodoch<\/strong>, pou\u017e\u00edvaj\u00a0<strong>l\u00e1tkov\u00e9 ta\u0161ky<\/strong><\/li>\n\n\n\n<li>Kompostuj bioodpad \u2013 aj v byte m\u00f4\u017ee\u0161 pou\u017ei\u0165\u00a0<strong>vermikompost\u00e9r<\/strong><\/li>\n<\/ul>\n\n\n\n<hr class=\"wp-block-separator has-alpha-channel-opacity\"\/>\n\n\n\n<h3 class=\"wp-block-heading\">\u2705&nbsp;<strong>Z\u00e1ver<\/strong><\/h3>\n\n\n\n<p>Ekologick\u00e9 b\u00fdvanie je o zodpovednosti \u2013 vo\u010di pr\u00edrode, rodine aj bud\u00facnosti. Nie je nutn\u00e9 meni\u0165 v\u0161etko naraz. Sta\u010d\u00ed za\u010da\u0165 postupne: vypn\u00fa\u0165 svetl\u00e1, k\u00fapi\u0165 p\u00e1r rastl\u00edn, vymeni\u0165 \u010distiace prostriedky.<br><strong>Ka\u017ed\u00fd krok sa po\u010d\u00edta.<\/strong><\/p>\n","protected":false},"excerpt":{"rendered":"<p>V s\u00fa\u010dasnosti je \u010doraz d\u00f4le\u017eitej\u0161ie myslie\u0165 pri b\u00fdvan\u00ed nielen na pohodlie, ale aj na&nbsp;vplyv na \u017eivotn\u00e9 prostredie. Dobrou spr\u00e1vou je, \u017ee ekologick\u00e9 rie\u0161enia v dom\u00e1cnosti nemusia by\u0165 drah\u00e9 ani zlo\u017eit\u00e9. Pr\u00e1ve naopak \u2013 \u010dasto&nbsp;\u0161etri\u0161 peniaze, zni\u017euje\u0161 spotrebu a z\u00e1rove\u0148 rob\u00ed\u0161 nie\u010do dobr\u00e9 pre plan\u00e9tu. \u267b\ufe0f&nbsp;\u010co znamen\u00e1 ekologick\u00e9 b\u00fdvanie? Je to sp\u00f4sob b\u00fdvania, ktor\u00fd: Nejde o [&hellip;]<\/p>\n","protected":false},"author":3,"featured_media":2086,"comment_status":"open","ping_status":"open","sticky":false,"template":"","format":"standard","meta":{"_sitemap_exclude":false,"_sitemap_priority":"","_sitemap_frequency":"","tdm_status":"","tdm_grid_status":"","footnotes":""},"categories":[41],"tags":[],"class_list":{"0":"post-2085","1":"post","2":"type-post","3":"status-publish","4":"format-standard","5":"has-post-thumbnail","7":"category-bydleni"},"_links":{"self":[{"href":"https:\/\/pressexpress.sk\/index.php?rest_route=\/wp\/v2\/posts\/2085","targetHints":{"allow":["GET"]}}],"collection":[{"href":"https:\/\/pressexpress.sk\/index.php?rest_route=\/wp\/v2\/posts"}],"about":[{"href":"https:\/\/pressexpress.sk\/index.php?rest_route=\/wp\/v2\/types\/post"}],"author":[{"embeddable":true,"href":"https:\/\/pressexpress.sk\/index.php?rest_route=\/wp\/v2\/users\/3"}],"replies":[{"embeddable":true,"href":"https:\/\/pressexpress.sk\/index.php?rest_route=%2Fwp%2Fv2%2Fcomments&post=2085"}],"version-history":[{"count":1,"href":"https:\/\/pressexpress.sk\/index.php?rest_route=\/wp\/v2\/posts\/2085\/revisions"}],"predecessor-version":[{"id":2087,"href":"https:\/\/pressexpress.sk\/index.php?rest_route=\/wp\/v2\/posts\/2085\/revisions\/2087"}],"wp:featuredmedia":[{"embeddable":true,"href":"https:\/\/pressexpress.sk\/index.php?rest_route=\/wp\/v2\/media\/2086"}],"wp:attachment":[{"href":"https:\/\/pressexpress.sk\/index.php?rest_route=%2Fwp%2Fv2%2Fmedia&parent=2085"}],"wp:term":[{"taxonomy":"category","embeddable":true,"href":"https:\/\/pressexpress.sk\/index.php?rest_route=%2Fwp%2Fv2%2Fcategories&post=2085"},{"taxonomy":"post_tag","embeddable":true,"href":"https:\/\/pressexpress.sk\/index.php?rest_route=%2Fwp%2Fv2%2Ftags&post=2085"}],"curies":[{"name":"wp","href":"https:\/\/api.w.org\/{rel}","templated":true}]}}